{"id":890,"date":"2024-09-20T12:45:50","date_gmt":"2024-09-20T10:45:50","guid":{"rendered":"https:\/\/msh-progedo-loire.univ-nantes.fr\/?p=890"},"modified":"2024-12-13T09:39:58","modified_gmt":"2024-12-13T08:39:58","slug":"programme-de-la-semaine-data-shs-2024","status":"publish","type":"post","link":"https:\/\/msh-progedo-loire.univ-nantes.fr\/index.php\/2024\/09\/20\/programme-de-la-semaine-data-shs-2024\/","title":{"rendered":"Programme de la Semaine Data-SHS 2024"},"content":{"rendered":"\n<p>L&rsquo;\u00e9dition 2024 de la Semaine Data-SHS aura lieu du 9 au 13 d\u00e9cembre. En Pays-de-la-Loire, elle est organis\u00e9e par PROGEDO-Loire et se tiendra sur le Campus Tertre, \u00e0 Nantes (participation \u00e0 distance possible). <\/p>\n\n\n\n<p>La semaine Data-SHS est inscrite dans le plan national de l\u2019IR* PROGEDO (PROduction et GEstion de DOnn\u00e9es) et est organis\u00e9e en Pays-de-la-Loire par PROGEDO-Loire. Cette semaine a un double objectif :<\/p>\n\n\n\n<ul>\n<li>pr\u00e9senter un large panel d\u2019usages de la quantification en SHS ; <\/li>\n\n\n\n<li>favoriser l\u2019acc\u00e8s aux donn\u00e9es, le recours aux outils et aux m\u00e9thodes d\u2019analyse quantitative.<\/li>\n<\/ul>\n\n\n\n<p>L\u2019inscription est conseill\u00e9e pour \u00eatre inform\u00e9.e par mail d\u2019\u00e9ventuels changements de programme ; elle est requise pour participer \u00e0 distance : merci de renseigner <strong><a href=\"https:\/\/questionnaires.univ-nantes.fr\/index.php\/561634?lang=fr\">ce court formulaire d\u2019inscription<\/a><\/strong>.<\/p>\n\n\n\n<p><strong>Organisation et contact<\/strong>&nbsp;: Aliette ROUX, ing\u00e9nieure PROGEDO-Loire \u2013 <a href=\"mailto:aliette.roux@univ-nantes.fr\">aliette.roux@univ-nantes.fr<\/a><\/p>\n\n\n\n<p><em><strong>La semaine en bref :<\/strong><\/em><\/p>\n\n\n\n<figure class=\"wp-block-table is-style-regular\"><table><thead><tr><th> <\/th><th><small>Lundi 9<\/small><\/th><th><small>Mardi 10<\/small><\/th><th><small>Mercredi 11<\/small><\/th><th><small>Jeudi 12<\/small><\/th><th><small>Vendredi 13<\/small><\/th><\/tr><\/thead><tbody><tr><td><em><small>Matin<\/small><\/em><\/td><td><small><mark style=\"background-color:rgba(0, 0, 0, 0);color:#a569bd\" class=\"has-inline-color\">Actualit\u00e9s des IR* PROGEDO et Huma-Num<\/mark><\/small><\/td><td><small><mark style=\"background-color:rgba(0, 0, 0, 0);color:#9d9e9e\" class=\"has-inline-color\">Session d\u00e9couverte<\/mark><\/small><\/td><td><mark style=\"background-color:rgba(0, 0, 0, 0)\" class=\"has-inline-color has-luminous-vivid-orange-color\"><small>Projets de recherche<\/small><\/mark><\/td><td><\/td><td><mark style=\"background-color:rgba(0, 0, 0, 0);color:#239b56\" class=\"has-inline-color\"><small>Science ouverte et protection des donn\u00e9es personnelles<\/small><\/mark><\/td><\/tr><tr><td><em><small>Apr\u00e8s-midi<\/small><\/em><\/td><td><mark style=\"background-color:rgba(0, 0, 0, 0);color:#a569bd\" class=\"has-inline-color\"><small><em>Data journals<\/em> et <em>data papers<\/em> pour les SHS<\/small><\/mark><\/td><td><small><mark style=\"background-color:rgba(0, 0, 0, 0);color:#9d9e9e\" class=\"has-inline-color\">Session d\u00e9couverte<\/mark><\/small><\/td><td><mark style=\"background-color:rgba(0, 0, 0, 0)\" class=\"has-inline-color has-luminous-vivid-orange-color\"><small>Projets de recherche<\/small><\/mark><\/td><td><mark style=\"background-color:rgba(0, 0, 0, 0)\" class=\"has-inline-color has-luminous-vivid-orange-color\"><small>S\u00e9ance conjointe avec <em>Les Impromptus du Cens<\/em><\/small><\/mark><\/td><td><mark style=\"background-color:rgba(0, 0, 0, 0);color:#239b56\" class=\"has-inline-color\"><small>Science ouverte et protection des donn\u00e9es personnelles<\/small><\/mark><\/td><\/tr><\/tbody><\/table><figcaption class=\"wp-element-caption\"> <\/figcaption><\/figure>\n\n\n\n<hr class=\"wp-block-separator has-alpha-channel-opacity\"\/>\n\n\n\n<p class=\"has-white-color has-text-color has-background\" style=\"background-color:#a569bd\">S\u00e9ances co-organis\u00e9es avec PROGEDO et d&rsquo;autres PUD<\/p>\n\n\n\n<div class=\"wp-block-group is-layout-constrained wp-block-group-is-layout-constrained\"><div class=\"wp-block-group__inner-container\">\n<div class=\"wp-block-columns is-layout-flex wp-container-2 wp-block-columns-is-layout-flex\">\n<div class=\"wp-block-column is-layout-flow wp-block-column-is-layout-flow\" style=\"flex-basis:100%\">\n<p class=\"has-text-color\" style=\"color:#a569bd\"><em><strong>Lundi 9 d\u00e9cembre 2024 &#8211; 10h15-11h15<\/strong><\/em><\/p>\n\n\n\n<p class=\"has-text-color has-small-font-size\" style=\"color:#a569bd\"><em>En distanciel uniquement &#8211; Les \u00e9l\u00e9ments de connexion seront transmis aux inscrits<\/em><\/p>\n\n\n\n<p><strong>Actualit\u00e9s des IR* Huma-Num et PROGEDO<\/strong> &#8211; <a href=\"https:\/\/www.huma-num.fr\/olivier-baude\/\">Olivier BAUDE<\/a> (directeur d&rsquo;Huma-Num) et <a href=\"https:\/\/cdsp.sciences-po.fr\/fr\/le-cdsp\/equipe\/membre\/nicolas.sauger\/\">Nicolas SAUGER<\/a> (directeur de PROGEDO)<\/p>\n\n\n\n<p class=\"has-text-color\" style=\"color:#a569bd\"><em><strong>Lundi 9 d\u00e9cembre 2024 &#8211; 14h-17h<\/strong><\/em><\/p>\n\n\n\n<p class=\"has-text-color has-small-font-size\" style=\"color:#a569bd\"><em>En distanciel uniquement &#8211; Les \u00e9l\u00e9ments de connexion seront transmis aux inscrits<\/em><\/p>\n\n\n\n<p><strong><em>Data journals<\/em> et <em>data papers<\/em> en SHS : pr\u00e9sentations, enjeux et retours d&rsquo;exp\u00e9riences<\/strong> &#8211; s\u00e9ance co-organis\u00e9e par les PUD <a href=\"https:\/\/www.msh-lse.fr\/services\/panels\/\">PANELS<\/a>, PROGEDO-Loire et <a href=\"https:\/\/mshs.univ-toulouse.fr\/plateformes\/les-plateformes-de-donnees\/plateforme-universitaire-de-donnees-de-toulouse-pudt\/\">PUD-T<\/a><\/p>\n\n\n\n<ul>\n<li><em>14h-14h30<\/em> : D\u00e9finitions et enjeux des <em>data papers<\/em> &#8211; <a href=\"https:\/\/www.tse-fr.eu\/fr\/people\/victor-gay\">Victor GAY<\/a> (TSE)<\/li>\n\n\n\n<li><em>14h30-15h30<\/em> : Revue des revues. Table ronde avec Julien MULLER (pour <em>Data &amp; Corpus<\/em>), S\u00e9bastien POUBLANC (pour <a href=\"https:\/\/journals.openedition.org\/revuehn\/\"><em>Humanit\u00e9s num\u00e9riques<\/em><\/a>) et Nicolas SAUGER (pour <a href=\"https:\/\/demc-journal.org\/\"><em>DEMC<\/em><\/a>) <\/li>\n\n\n\n<li><em>15h45-17h<\/em> : Retours d&rsquo;exp\u00e9rience de chercheurs ayant publi\u00e9 des <em>data papers<\/em> &#8211; Victor GAY, Thibault LE CORRE, Fr\u00e9d\u00e9rique MELANIE et Tessa VERMEIR<\/li>\n<\/ul>\n<\/div>\n<\/div>\n<\/div><\/div>\n\n\n\n<hr class=\"wp-block-separator has-alpha-channel-opacity\"\/>\n\n\n\n<p class=\"has-white-color has-text-color has-background\" style=\"background-color:#9d9e9e\"><strong>Sessions d\u00e9couverte : donn\u00e9es, outils et m\u00e9thodes quantitatives en SHS<\/strong><\/p>\n\n\n\n<div class=\"wp-block-group is-layout-constrained wp-block-group-is-layout-constrained\"><div class=\"wp-block-group__inner-container\">\n<div class=\"wp-block-columns is-layout-flex wp-container-5 wp-block-columns-is-layout-flex\">\n<div class=\"wp-block-column is-layout-flow wp-block-column-is-layout-flow\" style=\"flex-basis:100%\">\n<p class=\"has-text-color\" style=\"color:#9d9e9e\"><em><strong>Mardi 10 d\u00e9cembre 2024 &#8211; 9h-12h<\/strong><\/em><\/p>\n\n\n\n<p class=\"has-text-color has-small-font-size\" style=\"color:#9d9e9e\">Salle B (rez-de-chauss\u00e9e) &#8211; <strong>MSH Ange-Gu\u00e9pin<\/strong> (<a rel=\"noreferrer noopener\" href=\"https:\/\/msh-ange-guepin.univ-nantes.fr\/medias\/photo\/plan-acces-msh-2020-web_1609780293446-jpg?ID_FICHE=10101&amp;INLINE=TRUE\" target=\"_blank\">plan d&rsquo;acc\u00e8s<\/a>) \u2013 5 All. Jacques Berque &#8211; Nantes<\/p>\n\n\n\n<p><strong>Quelles analyses pour mes donn\u00e9es&nbsp;? Principes et illustrations d\u2019analyses bivari\u00e9es, multivari\u00e9es, d\u2019analyses textuelles et d\u2019analyses de r\u00e9seaux<\/strong> \u2013 Aliette ROUX (Ing\u00e9nieure PROGEDO-Loire, MSH Ange-Gu\u00e9pin)<\/p>\n\n\n\n<p class=\"has-small-font-size\">\u00ab&nbsp;<em>Compter, comparer, classer, mod\u00e9liser restent des moyens utiles pour mesurer notre degr\u00e9 de doute ou de certitude, pour expliquer nos hypoth\u00e8ses ou \u00e9valuer le poids d\u2019un ph\u00e9nom\u00e8ne<\/em>&nbsp;\u00bb (C. Lemercier et C. Zlac, 2008). Mais comment proc\u00e9der&nbsp;? Quels peuvent \u00eatre les plus-values et les limites de cette quantification&nbsp;? Nous nous appuierons sur quelques exemples issus de travaux de recherche en SHS, et notamment en Histoire, en Sociologie et en G\u00e9ographie.<\/p>\n\n\n\n<p class=\"has-text-color\" style=\"color:#9d9e9e\"><em><strong>Mardi 10 d\u00e9cembre 2024 &#8211; 13h30-16h30<\/strong><\/em><\/p>\n\n\n\n<p class=\"has-text-color has-small-font-size\" style=\"color:#9d9e9e\">Salle B (rez-de-chauss\u00e9e) &#8211; <strong>MSH Ange-Gu\u00e9pin<\/strong> \u2013 5 All. Jacques Berque &#8211; Nantes <\/p>\n\n\n\n<p><strong>Comment collecter mes donn\u00e9es&nbsp;? Pr\u00e9sentation de diff\u00e9rents modes de collecte (questionnaire, simple tableur, base de donn\u00e9es relationnelle) et d\u00e9couverte des outils LimeSurvey, LibreOffice Base et Heurist<\/strong> \u2013 Aliette ROUX (Ing\u00e9nieure PROGEDO-Loire, MSH Ange-Gu\u00e9pin)<\/p>\n\n\n\n<p class=\"has-small-font-size\">La qualit\u00e9 d\u2019une analyse quantitative est d\u00e9pendante de la qualit\u00e9 des donn\u00e9es sur lesquelles elle repose. Il n\u2019est pas rare qu\u2019un questionnaire devienne inutilisable \u00e0 cause d\u2019une question mal pos\u00e9e et mal comprise&nbsp;; que des donn\u00e9es collect\u00e9es aux archives \u00e0 l\u2019aide d\u2019un tableur se r\u00e9v\u00e8lent inexploitables\u2026 Nous expliquerons dans quelles situations l\u2019usage d\u2019une base de donn\u00e9es relationnelles plut\u00f4t que d\u2019un tableur semble pertinent sinon requis. Le traitement de la plupart des sources historiques (articles d\u2019une revue ou d\u2019un journal, donn\u00e9es notariales, pr\u00e9sences \u00e0 des \u00e9v\u00e8nements, collections, prosopographies, bibliographies\u2026) tire souvent profit de la r\u00e9alisation d\u2019une base de donn\u00e9es relationnelle. La r\u00e9alisation d\u2019un questionnaire renvoie \u00e0 des savoirs sp\u00e9cifiques&nbsp;: comment r\u00e9pondre \u00e0 ses propres questions de recherche sans imposer sa probl\u00e9matique ; sur quelles r\u00e8gles se baser pour s\u2019assurer que les r\u00e9ponses des enqu\u00eat\u00e9.e.s soient exploitables\u2026 Nous \u00e9voquerons les atouts et limites de quelques outils num\u00e9riques de collecte&nbsp;: les applications <em>LimeSurvey<\/em>, <em>Heurist<\/em>, les logiciels <em>LibreOffice Base <\/em>et <em>LibreOffice Calc<\/em>.<\/p>\n\n\n\n<hr class=\"wp-block-separator has-alpha-channel-opacity\"\/>\n<\/div>\n<\/div>\n<\/div><\/div>\n\n\n\n<p class=\"has-white-color has-luminous-vivid-orange-background-color has-text-color has-background\"><strong>Projets de recherche ayant recours \u00e0 des donn\u00e9es ou m\u00e9thodes quantitatives en SHS<\/strong><\/p>\n\n\n\n<p class=\"has-luminous-vivid-orange-color has-text-color\"><em><strong>Mercredi 11 d\u00e9cembre 2024 &#8211; 9h-10h45<\/strong> &#8211; Donn\u00e9es textuelles \/ Psychologie<\/em><\/p>\n\n\n\n<p class=\"has-luminous-vivid-orange-color has-text-color has-small-font-size\">Salle <strong>T203 <\/strong>&#8211; B\u00e2timent Nouveau Tertre &#8211; Campus Tertre &#8211; Nantes<\/p>\n\n\n\n<p><strong>Compter les mots pour interroger les d\u00e9terminants d\u2019une carri\u00e8re hospitalo-universitaire<\/strong> &#8211; <a href=\"https:\/\/vbour.hypotheses.org\/\">Valentine BOUR<\/a> (LPPL)<\/p>\n\n\n\n<p><strong>Analyse de contenu versus Analyse lexicom\u00e9trique : investigation du rapport des jeunes au changement climatique<\/strong> &#8211; <a href=\"https:\/\/www.univ-nantes.fr\/arnaud-sapin\">Arnaud SAPIN<\/a> (LPPL)<\/p>\n\n\n\n<p class=\"has-luminous-vivid-orange-color has-text-color\"><em><strong>Mercredi 11 d\u00e9cembre 2024 &#8211; 10h45-12h30<\/strong> &#8211; Donn\u00e9es d&rsquo;archives \/ Histoire<\/em><\/p>\n\n\n\n<p class=\"has-luminous-vivid-orange-color has-text-color has-small-font-size\">Salle <strong>T203 <\/strong>&#8211; B\u00e2timent Nouveau Tertre &#8211; Campus Tertre &#8211; Nantes<\/p>\n\n\n\n<p><strong>Des fonds d&rsquo;archives du th\u00e9\u00e2tre aux donn\u00e9es d&rsquo;archives du th\u00e9\u00e2tre : int\u00e9r\u00eats et difficult\u00e9s de la collecte et valorisation de donn\u00e9es in\u00e9dites<\/strong> &#8211; <a href=\"https:\/\/theses.fr\/s385705?domaine=theses\">Camille ROUFFAUD<\/a> (TEMOS)<\/p>\n\n\n\n<p><strong>\u00c9tude rythmique des th\u00e9rapies psychiatriques : Enjeux d&rsquo;extraction et de normalisation de donn\u00e9es m\u00e9dicales<\/strong> &#8211; <a href=\"https:\/\/theses.fr\/s357269\">Mathis LORENZO<\/a> (TEMOS)<\/p>\n\n\n\n<p class=\"has-luminous-vivid-orange-color has-text-color\"><em><strong>Mercredi 11 d\u00e9cembre 2024 &#8211; 14h-15h45<\/strong> &#8211; Donn\u00e9es d&rsquo;archives et d&rsquo;enqu\u00eates \/ Sociologie<\/em><\/p>\n\n\n\n<p class=\"has-luminous-vivid-orange-color has-text-color has-small-font-size\">Salle <strong>T203 <\/strong>&#8211; B\u00e2timent Nouveau Tertre &#8211; Campus Tertre &#8211; Nantes<\/p>\n\n\n\n<p><strong>Caract\u00e9riser les prostitu\u00e9es nantaises du d\u00e9but 20\u00e8me \u00e0 partir de sources polici\u00e8res : r\u00e9sultats d\u2019une investigation quantitative <\/strong>&#8211; <a href=\"https:\/\/www.univ-nantes.fr\/jeanne-delanous\">Jeanne DELANOUS<\/a> (CENS)<\/p>\n\n\n\n<p><strong>O\u00f9 sont les femmes ? Retour sur l&rsquo;int\u00e9gration de donn\u00e9es de questionnaire \u00e0 une recherche ethnographique sur les \u00ab\u00a0m\u00e9dias alternatifs\u00a0\u00bb nantais<\/strong> &#8211; Florence RAMEL (CENS)<\/p>\n\n\n\n<p class=\"has-luminous-vivid-orange-color has-text-color\"><em><strong>Mercredi 11 d\u00e9cembre 2024 &#8211; 16h-18h<\/strong> &#8211; Donn\u00e9es de la statistique publique \/ G\u00e9ographie<\/em><\/p>\n\n\n\n<p class=\"has-luminous-vivid-orange-color has-text-color has-small-font-size\">Salle <strong>T203 <\/strong>&#8211; B\u00e2timent Nouveau Tertre &#8211; Campus Tertre &#8211; Nantes<\/p>\n\n\n\n<p><strong>Comment comparer dans l\u2019espace et le temps ? Analyse diachronique du vote (2002-2022) dans les petites et moyennes villes littorales<\/strong> &#8211; <a href=\"https:\/\/theses.fr\/s390107\">Sandra ARRIBEHAUTE<\/a> (ESO)<\/p>\n\n\n\n<p><strong>Caract\u00e9riser les lieux de r\u00e9sidence et d&#8217;emploi des livreurs de plateformes et agents d&rsquo;entretiens dans l&rsquo;agglom\u00e9ration nantaise, \u00e0 partir de donn\u00e9es localis\u00e9es issues de la statistique publique<\/strong> &#8211; <a href=\"https:\/\/asmn.univ-nantes.fr\/index.php?id=971\">Claire BURBAN<\/a> (ESO)<\/p>\n\n\n\n<p><strong>Ouvrir les \u00ab\u00a0boites noires\u00a0\u00bb du m\u00e9tabolisme territorial des biomasses : le cas d&rsquo;une Classification Ascendante Hi\u00e9rarchique des EPCI de la r\u00e9gion Pays de la Loire<\/strong> &#8211; <a href=\"https:\/\/eso.cnrs.fr\/fr\/node\/type-annuaire\/21478\/3\/simon-joxe\">Simon JOXE<\/a> (ESO)<\/p>\n\n\n\n<p class=\"has-luminous-vivid-orange-color has-text-color\">[Report\u00e9 au printemps] <s><em><strong>Jeudi 12 d\u00e9cembre &#8211; 14h-16h<\/strong><\/em> &#8211; <em>Discussion autour d&rsquo;un ouvrage : S\u00e9ance commune avec Les Impromptus du Cens<\/em><\/s><\/p>\n\n\n\n<p class=\"has-luminous-vivid-orange-color has-text-color has-small-font-size\"><s>Salle du CENS, <strong>T237<\/strong> &#8211; b\u00e2timent Nouveau Tertre (b\u00e2t. 31 sur <a rel=\"noreferrer noopener\" href=\"https:\/\/www.univ-nantes.fr\/medias\/photo\/campus-tertre-2022_1666624058414-jpg?ID_FICHE=605720\" target=\"_blank\">ce plan<\/a>) &#8211; Campus Tertre &#8211; Nantes<\/s><\/p>\n\n\n\n<p><s>Autour de \u00ab\u00a0<em><a href=\"https:\/\/pur-editions.fr\/product\/8777\/l-illusion-du-vote-bobo\">L&rsquo;illusion du vote bobo. Configurations \u00e9lectorales et structures sociales dans les grandes villes fran\u00e7aises<\/a><\/em>\u00a0\u00bb de <a href=\"https:\/\/www.univ-nantes.fr\/jean-riviere\">Jean RIVIERE<\/a> (ESO)<\/s><\/p>\n\n\n\n<hr class=\"wp-block-separator has-alpha-channel-opacity\"\/>\n\n\n\n<p class=\"has-white-color has-text-color has-background\" style=\"background-color:#239b56\"><strong>Science ouverte et protection des donn\u00e9es personnelles<\/strong><\/p>\n\n\n\n<p class=\"has-text-color\" style=\"color:#239b56\"><strong><em>Vendredi 13 d\u00e9cembre 2024 &#8211; 10h-12h<\/em><\/strong><\/p>\n\n\n\n<p class=\"has-text-color has-small-font-size\" style=\"color:#239b56\">Salle <strong>T203 <\/strong>&#8211; B\u00e2timent Nouveau Tertre &#8211; Campus Tertre &#8211; Nantes<\/p>\n\n\n\n<p><strong>PROGEDO-Loire et les donn\u00e9es PROGEDO, donn\u00e9es pluridisciplinaires et document\u00e9es pour les SHS<\/strong> \u2013 Aliette ROUX (Ing\u00e9nieure PROGEDO-Loire, MSH Ange-Gu\u00e9pin)<\/p>\n\n\n\n<p class=\"has-small-font-size\">Des milliers de jeux de donn\u00e9es \u00e0 usage quantitatif sont \u00e0 disposition des chercheuses et chercheurs en SHS&nbsp;: actes de mariages parisiens en 1885, enqu\u00eates europ\u00e9ennes sur des questions de sant\u00e9, donn\u00e9es pseudonymis\u00e9es des d\u00e9clarations d\u2019imp\u00f4ts\u2026 Nous proposerons un panorama des \u00ab\u00a0donn\u00e9es PROGEDO\u00a0\u00bb &#8211; donn\u00e9es dont l\u2019acc\u00e8s est promu et facilit\u00e9 par PROGEDO, l\u2019une des deux infrastructures de recherche nationales en SHS. Nous pr\u00e9senterons diff\u00e9rents types de producteurs de donn\u00e9es, leurs diffuseurs, et les diff\u00e9rents modes d\u2019acc\u00e8s aux donn\u00e9es intrins\u00e8quement li\u00e9s \u00e0 la nature de ces derni\u00e8res (anonymis\u00e9es, pseudonymis\u00e9es, confidentielles).<\/p>\n\n\n\n<p class=\"has-text-color\" style=\"color:#239b56\"><em><strong>Vendredi 13 d\u00e9cembre 2024 &#8211; 13h30-16h30<\/strong><\/em><\/p>\n\n\n\n<p class=\"has-text-color has-small-font-size\" style=\"color:#239b56\">Salle <strong>T203 <\/strong>&#8211; B\u00e2timent Nouveau Tertre &#8211; Campus Tertre &#8211; Nantes<\/p>\n\n\n\n<p><strong>Principes g\u00e9n\u00e9raux de la r\u00e9glementation sur les donn\u00e9es personnelles dans le cadre de projets de recherche en SHS<\/strong> &#8211; Aliette ROUX (Ing\u00e9nieure PROGEDO-Loire, MSH Ange-Gu\u00e9pin)<\/p>\n\n\n\n<p class=\"has-small-font-size\">Au sens de la r\u00e9glementation (RGPD, LIL*), de nombreuses \u00e9tapes d&rsquo;un travail de recherche en SHS sont consid\u00e9r\u00e9es comme des traitements de donn\u00e9es \u00e0 caract\u00e8re personnel&nbsp;: administration d\u2019un questionnaire (papier ou num\u00e9rique), consultation et traitement des r\u00e9sultats (avant anonymisation)&nbsp;; enregistrement oral ou transcription d\u2019un entretien&nbsp;; prise de notes sur un carnet de terrain et\/ou prise de photographies&nbsp;; r\u00e9utilisation des fiches individuelles du recensement de 1975 accessibles aux archives&nbsp;; collecter des donn\u00e9es d\u2019un r\u00e9seau social par \u00ab&nbsp;web scraping&nbsp;\u00bb&#8230; Nous pr\u00e9senterons les \u00e9tapes \u00e9l\u00e9mentaires et g\u00e9n\u00e9rales qui s\u2019appliquent au traitement de donn\u00e9es personnelles dans le cadre de projets de recherche en SHS (et seulement dans ce cadre), avant de discuter les aspects probl\u00e9matiques de cette r\u00e9glementation pour la pratique de la recherche, les r\u00e9ponses formelles et les contre-propositions. A noter : l&rsquo;intervenante n\u2019est pas DPO mais elle accompagne plusieurs projets de recherche SHS ; elle a r\u00e9dig\u00e9 les pages du <a href=\"https:\/\/somsh.hypotheses.org\/\">blog So-MSH!<\/a> d\u00e9di\u00e9es \u00e0 ces questions. Le cas particulier des donn\u00e9es de sant\u00e9 ne sera pas vraiment trait\u00e9, seulement abord\u00e9.&nbsp;<\/p>\n","protected":false},"excerpt":{"rendered":"<p>L&rsquo;\u00e9dition 2024 de la Semaine Data-SHS aura lieu du 9 au 13 d\u00e9cembre. En Pays-de-la-Loire, elle est organis\u00e9e par PROGEDO-Loire et se tiendra sur le Campus Tertre, \u00e0 Nantes (participation \u00e0 distance possible). La semaine Data-SHS est inscrite dans le plan national de l\u2019IR* PROGEDO (PROduction et GEstion de DOnn\u00e9es) et est organis\u00e9e en Pays-de-la-Loire<\/p>\n<p><a class=\"moretag\" href=\"https:\/\/msh-progedo-loire.univ-nantes.fr\/index.php\/2024\/09\/20\/programme-de-la-semaine-data-shs-2024\/\"> En lire plus&#8230;<\/a><\/p>\n","protected":false},"author":2,"featured_media":0,"comment_status":"open","ping_status":"open","sticky":false,"template":"","format":"standard","meta":{"footnotes":""},"categories":[21,23],"tags":[54,63,38,40,59,43,55,65,67],"acf":[],"_links":{"self":[{"href":"https:\/\/msh-progedo-loire.univ-nantes.fr\/index.php\/wp-json\/wp\/v2\/posts\/890"}],"collection":[{"href":"https:\/\/msh-progedo-loire.univ-nantes.fr\/index.php\/wp-json\/wp\/v2\/posts"}],"about":[{"href":"https:\/\/msh-progedo-loire.univ-nantes.fr\/index.php\/wp-json\/wp\/v2\/types\/post"}],"author":[{"embeddable":true,"href":"https:\/\/msh-progedo-loire.univ-nantes.fr\/index.php\/wp-json\/wp\/v2\/users\/2"}],"replies":[{"embeddable":true,"href":"https:\/\/msh-progedo-loire.univ-nantes.fr\/index.php\/wp-json\/wp\/v2\/comments?post=890"}],"version-history":[{"count":16,"href":"https:\/\/msh-progedo-loire.univ-nantes.fr\/index.php\/wp-json\/wp\/v2\/posts\/890\/revisions"}],"predecessor-version":[{"id":917,"href":"https:\/\/msh-progedo-loire.univ-nantes.fr\/index.php\/wp-json\/wp\/v2\/posts\/890\/revisions\/917"}],"wp:attachment":[{"href":"https:\/\/msh-progedo-loire.univ-nantes.fr\/index.php\/wp-json\/wp\/v2\/media?parent=890"}],"wp:term":[{"taxonomy":"category","embeddable":true,"href":"https:\/\/msh-progedo-loire.univ-nantes.fr\/index.php\/wp-json\/wp\/v2\/categories?post=890"},{"taxonomy":"post_tag","embeddable":true,"href":"https:\/\/msh-progedo-loire.univ-nantes.fr\/index.php\/wp-json\/wp\/v2\/tags?post=890"}],"curies":[{"name":"wp","href":"https:\/\/api.w.org\/{rel}","templated":true}]}}