{"id":744,"date":"2022-11-16T10:29:30","date_gmt":"2022-11-16T09:29:30","guid":{"rendered":"https:\/\/msh-progedo-loire.univ-nantes.fr\/?p=744"},"modified":"2022-11-17T09:30:57","modified_gmt":"2022-11-17T08:30:57","slug":"01-12-22-analyse-socio-economique-du-tissu-associatif","status":"publish","type":"post","link":"https:\/\/msh-progedo-loire.univ-nantes.fr\/index.php\/2022\/11\/16\/01-12-22-analyse-socio-economique-du-tissu-associatif\/","title":{"rendered":"01\/12\/22 &#8211; Analyse socio-\u00e9conomique du tissu associatif"},"content":{"rendered":"\n<p>\u00ab\u00a0<strong>Analyse socio-\u00e9conomique du tissu associatif fran\u00e7ais dans les ann\u00e9es 2010 \u00e0 partir des DADS et BTS et de&nbsp; l&rsquo;Enqu\u00eate Associations 2018 de l&rsquo;Insee\u00a0\u00bb<\/strong> &#8211; par <a href=\"https:\/\/www.univ-nantes.fr\/lionel-prouteau\">Lionel PROUTEAU<\/a><\/p>\n\n\n\n<p>Le <strong>1er d\u00e9cembre 2022<\/strong>, de <strong>14h \u00e0 16h<\/strong><\/p>\n\n\n\n<p><em>Salle 340 du <a href=\"https:\/\/atee.fr\/system\/files\/2022-03\/Plan_IAENantes_Erdre_print.pdf\">b\u00e2timent Erdre (IAE), Campus Tertre, Nantes<\/a> <font color=\"grey\">[et non plus la Salle des Actes comme initialement annonc\u00e9]<\/font><\/em><\/p>\n\n\n\n<p><em>Solution distancielle possible \u2013 merci de compl\u00e9ter <a href=\"https:\/\/questionnaires.univ-nantes.fr\/index.php\/242331?lang=fr\">le court formulaire d\u2019inscription<\/a><\/em><\/p>\n\n\n\n<p>PROGEDO-Loire a le plaisir de vous proposer une s\u00e9ance de s\u00e9minaire conjointe avec le <a href=\"https:\/\/lemna.univ-nantes.fr\/colloques-seminaires-conferences\/seminaires\/economie\">S\u00e9minaire Economie du LEMNA<\/a>. Cette s\u00e9ance int\u00e9ressera des coll\u00e8gues de plusieurs disciplines en SHS, en raison des th\u00e9matiques abord\u00e9es (secteur associatif, emploi, in\u00e9galit\u00e9s hommes-femmes&#8230;)&nbsp;; des donn\u00e9es utilis\u00e9es, confidentielles, et du moyen d\u2019y acc\u00e9der (via <a href=\"https:\/\/www.casd.eu\/\">le CASD<\/a>)&nbsp;; des m\u00e9thodes appliqu\u00e9es et discut\u00e9es (classifications, mod\u00e9lisations\u2026)&nbsp;; ou encore des difficult\u00e9s m\u00e9thodologiques \u00e9voqu\u00e9es (li\u00e9es \u00e0 la diachronie, \u00e0 l&rsquo;absence ou la nature de certaines variables\u2026).<\/p>\n\n\n\n<h4 class=\"wp-block-heading\">R\u00e9sum\u00e9<\/h4>\n\n\n\n<p>Apr\u00e8s avoir soulign\u00e9 l\u2019attention que m\u00e9rite le <strong>secteur associatif<\/strong> en tant qu\u2019objet d\u2019\u00e9tude, l\u2019int\u00e9r\u00eat mais aussi les limites des donn\u00e9es mobilis\u00e9es (la <em><strong>Base tous salari\u00e9s<\/strong><\/em> -BTS- de l\u2019Insee et l\u2019enqu\u00eate <em><strong>Suivi des associations 2018<\/strong> <\/em>de l\u2019Insee) feront l\u2019objet d\u2019un commentaire succinct. Puis les trois th\u00e9matiques sur lesquelles portent ces travaux seront pr\u00e9sent\u00e9es&nbsp;:<\/p>\n\n\n\n<ul><li>Un essai de <strong>classification des associations<\/strong> \u00e0 partir de variables socio-\u00e9conomiques tir\u00e9es de l\u2019enqu\u00eate Insee <em>Suivi des associations 2018<\/em>&nbsp;;<\/li><li>Une \u00e9tude de l\u2019<strong>\u00e9volution de l\u2019emploi associatif<\/strong> au cours de la p\u00e9riode 2010-2020, \u00e0 partir des <em>DADS<\/em> et des <em>BTS&nbsp;;<\/em><\/li><li>Une investigation sur l\u2019<strong>acc\u00e8s des femmes aux responsabilit\u00e9s associatives<\/strong> (conseils d\u2019administration quand ils existent et pr\u00e9sidence de l\u2019association).<\/li><\/ul>\n\n\n\n<p>Pour ces trois th\u00e8mes, les questions m\u00e9thodologiques que leur traitement soul\u00e8ve seront \u00e9voqu\u00e9es et quelques r\u00e9sultats provisoires seront communiqu\u00e9s.<\/p>\n\n\n\n<p><a href=\"https:\/\/www.casd.eu\/project\/analyse-socio-economique-du-tissu-associatif\/\">Voir la pr\u00e9sentation du projet de recherche sur le site du CASD<\/a><\/p>\n\n\n\n<p><strong>Contact\u00a0: <\/strong>Aliette ROUX, ing\u00e9nieure PROGEDO-Loire<strong> \u2013 <a href=\"mailto:aliette.roux@univ-nantes.fr\">aliette.roux@univ-nantes.fr<\/a><\/strong><\/p>\n\n\n\n<p>Voir <a href=\"https:\/\/msh-progedo-loire.univ-nantes.fr\/index.php\/2022\/10\/20\/programme-du-seminaire-progedo-loire-2022-2023\/\">les autres s\u00e9ances du s\u00e9minaire PROGEDO-Loire 2022\/2023<\/a> sur le billet consacr\u00e9.<\/p>\n","protected":false},"excerpt":{"rendered":"<p>\u00ab\u00a0Analyse socio-\u00e9conomique du tissu associatif fran\u00e7ais dans les ann\u00e9es 2010 \u00e0 partir des DADS et BTS et de&nbsp; l&rsquo;Enqu\u00eate Associations 2018 de l&rsquo;Insee\u00a0\u00bb &#8211; par Lionel PROUTEAU Le 1er d\u00e9cembre 2022, de 14h \u00e0 16h Salle 340 du b\u00e2timent Erdre (IAE), Campus Tertre, Nantes [et non plus la Salle des Actes comme initialement annonc\u00e9] Solution<\/p>\n<p><a class=\"moretag\" href=\"https:\/\/msh-progedo-loire.univ-nantes.fr\/index.php\/2022\/11\/16\/01-12-22-analyse-socio-economique-du-tissu-associatif\/\"> En lire plus&#8230;<\/a><\/p>\n","protected":false},"author":2,"featured_media":0,"comment_status":"open","ping_status":"open","sticky":false,"template":"","format":"standard","meta":{"footnotes":""},"categories":[21,22],"tags":[41,55],"acf":[],"_links":{"self":[{"href":"https:\/\/msh-progedo-loire.univ-nantes.fr\/index.php\/wp-json\/wp\/v2\/posts\/744"}],"collection":[{"href":"https:\/\/msh-progedo-loire.univ-nantes.fr\/index.php\/wp-json\/wp\/v2\/posts"}],"about":[{"href":"https:\/\/msh-progedo-loire.univ-nantes.fr\/index.php\/wp-json\/wp\/v2\/types\/post"}],"author":[{"embeddable":true,"href":"https:\/\/msh-progedo-loire.univ-nantes.fr\/index.php\/wp-json\/wp\/v2\/users\/2"}],"replies":[{"embeddable":true,"href":"https:\/\/msh-progedo-loire.univ-nantes.fr\/index.php\/wp-json\/wp\/v2\/comments?post=744"}],"version-history":[{"count":7,"href":"https:\/\/msh-progedo-loire.univ-nantes.fr\/index.php\/wp-json\/wp\/v2\/posts\/744\/revisions"}],"predecessor-version":[{"id":752,"href":"https:\/\/msh-progedo-loire.univ-nantes.fr\/index.php\/wp-json\/wp\/v2\/posts\/744\/revisions\/752"}],"wp:attachment":[{"href":"https:\/\/msh-progedo-loire.univ-nantes.fr\/index.php\/wp-json\/wp\/v2\/media?parent=744"}],"wp:term":[{"taxonomy":"category","embeddable":true,"href":"https:\/\/msh-progedo-loire.univ-nantes.fr\/index.php\/wp-json\/wp\/v2\/categories?post=744"},{"taxonomy":"post_tag","embeddable":true,"href":"https:\/\/msh-progedo-loire.univ-nantes.fr\/index.php\/wp-json\/wp\/v2\/tags?post=744"}],"curies":[{"name":"wp","href":"https:\/\/api.w.org\/{rel}","templated":true}]}}