{"id":611,"date":"2021-11-15T09:36:51","date_gmt":"2021-11-15T08:36:51","guid":{"rendered":"https:\/\/msh-progedo-loire.univ-nantes.fr\/?p=611"},"modified":"2021-11-25T09:00:57","modified_gmt":"2021-11-25T08:00:57","slug":"25-11-2021-autour-de-louvrage-lempire-des-chiffres-une-sociologie-de-la-quantification","status":"publish","type":"post","link":"https:\/\/msh-progedo-loire.univ-nantes.fr\/index.php\/2021\/11\/15\/25-11-2021-autour-de-louvrage-lempire-des-chiffres-une-sociologie-de-la-quantification\/","title":{"rendered":"25\/11\/2021 &#8211; Autour de l&rsquo;ouvrage \u00ab\u00a0L&#8217;empire des chiffres\u00a0\u00bb d&rsquo;Olivier Martin"},"content":{"rendered":"\n<p>Le <strong>25\/11\/2021<\/strong> de <strong>14h \u00e0 16h<\/strong><\/p>\n\n\n\n<p><em>Salle du Cens, T237, B\u00e2timent Nouveau Tertre, Campus Tertre, Universit\u00e9 de Nantes [<a href=\"https:\/\/www.univ-nantes.fr\/medias\/photo\/campus-tertre-2021_1617118247023-png?ID_FICHE=714322\">b\u00e2timent 3 sur ce plan d\u2019acc\u00e8s<\/a>]<\/em><\/p>\n\n\n\n<p><em>Solution distancielle possible pour les coll\u00e8gues angevins et manceaux \u2013 merci de compl\u00e9ter <a href=\"https:\/\/questionnaires.univ-nantes.fr\/index.php\/776511?lang=fr\">le formulaire d\u2019inscription<\/a><\/em><\/p>\n\n\n\n<p>Cette s\u00e9ance du s\u00e9minaire PROGEDO-Loire, conjointe avec <a href=\"https:\/\/cens.univ-nantes.fr\/seminaires-colloques\/les-impromptus-du-cens\">Les Impromptus du Cens<\/a>, invitera le sociologue <a href=\"https:\/\/www.cerlis.eu\/team-view\/martin-olivier\/\">Olivier MARTIN <\/a>(CERLIS) \u00e0 pr\u00e9senter et d\u00e9battre <em><a href=\"https:\/\/www.armand-colin.com\/lempire-des-chiffres-9782200625719\">L\u2019Empire des chiffres. Une sociologie de la quantification<\/a><\/em>, remarquable ouvrage de synth\u00e8se sur la sociologie (et l\u2019histoire) de la quantification. Cette pr\u00e9sentation sera discut\u00e9e par <a href=\"https:\/\/lubartworld.cnrs.fr\/anton-perdoncin-fr\/\">Anton PERDONCIN<\/a> (EHESS &#8211; CENS). <\/p>\n\n\n\n<p>Cette rencontre s\u2019adresse \u00e0 tous les coll\u00e8gues lig\u00e9riens de SHS, les invitant \u00e0 discuter les pratiques et les raisons de la quantification \u2013 bien diff\u00e9rentes entre les champs scientifiques. L\u2019ouvrage aborde aussi bien \u00ab\u00a0la mise en statistiques des soci\u00e9t\u00e9s\u00a0\u00bb que les mesures psychophysiques, ou encore l\u2019\u00e9valuation de l\u2019action publique.<\/p>\n\n\n\n<p><a href=\"https:\/\/uncloud.univ-nantes.fr\/index.php\/s\/fFJPdN8dLxwAAa6\"><strong>Voir la table des mati\u00e8res<\/strong><\/a><\/p>\n\n\n\n<p><em>R\u00e9sum\u00e9 de l&rsquo;\u00e9diteur :<\/em><\/p>\n\n\n\n<p>\u00ab&nbsp;Nos soci\u00e9t\u00e9s contemporaines sont remplies de toutes sortes de chiffres : mesures de tout ordre, \u00e9valuations, statistiques, indices, estimations, etc. L&rsquo;originalit\u00e9 de ce livre est de proposer pour la premi\u00e8re fois une analyse globale de tous ces types de chiffres, de toutes les formations de \u00ab\u00a0quantification\u00a0\u00bb qui peuvent \u00eatre appr\u00e9hend\u00e9es et comprises \u00e0 l&rsquo;aide d&rsquo;une gamme d&rsquo;outil unique . Il synth\u00e9tise les travaux sur la quantification de deux traditions distinctes : ceux d&rsquo;histoire sociale et culturelle sur les \u00ab\u00a0mesures de la nature\u00a0\u00bb (le temps, l&rsquo;espace, les objets, la vie, le monde physique visible et invisible) et ceux de la sociologie historique sur les statistiques et les indicateurs sociaux.<\/p>\n\n\n\n<p>Qu&rsquo;y a-t-il de commun \u00e0 tous ces chiffres ? D&rsquo;o\u00f9 viennent-ils, \u00e0 quoi servent-ils et quels sont leurs effets ? Les discours sur les chiffres oscillent tr\u00e8s souvent entre deux positions radicales : \u00ab\u00a0les chiffres sont des mesures de la r\u00e9alit\u00e9\u00a0\u00bb versus \u00ab\u00a0les chiffres ne sont que des mensonges\u00a0\u00bb. L&rsquo;ouvrage permet de d\u00e9passer cette opposition r\u00e9ductrice en proposant un cadre g\u00e9n\u00e9ral pour penser les chiffres.\u00a0\u00bb<\/p>\n\n\n\n<p><strong>Contact <\/strong>: Aliette ROUX \u2013 IR PROGEDO-Loire \u2013 <a href=\"mailto:aliette.roux@univ-nantes.fr\">aliette.roux@univ-nantes.fr<\/a><\/p>\n\n\n\n<p>Voir <a href=\"https:\/\/msh-progedo-loire.univ-nantes.fr\/index.php\/2021\/08\/25\/programme-du-seminaire-progedo-loire-2021-2022\/\">les autres s\u00e9ances du s\u00e9minaire PROGEDO-Loire 2021\/2022<\/a> sur le billet consacr\u00e9.<\/p>\n","protected":false},"excerpt":{"rendered":"<p>Le 25\/11\/2021 de 14h \u00e0 16h Salle du Cens, T237, B\u00e2timent Nouveau Tertre, Campus Tertre, Universit\u00e9 de Nantes [b\u00e2timent 3 sur ce plan d\u2019acc\u00e8s] Solution distancielle possible pour les coll\u00e8gues angevins et manceaux \u2013 merci de compl\u00e9ter le formulaire d\u2019inscription Cette s\u00e9ance du s\u00e9minaire PROGEDO-Loire, conjointe avec Les Impromptus du Cens, invitera le sociologue Olivier<\/p>\n<p><a class=\"moretag\" href=\"https:\/\/msh-progedo-loire.univ-nantes.fr\/index.php\/2021\/11\/15\/25-11-2021-autour-de-louvrage-lempire-des-chiffres-une-sociologie-de-la-quantification\/\"> En lire plus&#8230;<\/a><\/p>\n","protected":false},"author":2,"featured_media":0,"comment_status":"open","ping_status":"open","sticky":false,"template":"","format":"standard","meta":{"footnotes":""},"categories":[21,22],"tags":[38],"acf":[],"_links":{"self":[{"href":"https:\/\/msh-progedo-loire.univ-nantes.fr\/index.php\/wp-json\/wp\/v2\/posts\/611"}],"collection":[{"href":"https:\/\/msh-progedo-loire.univ-nantes.fr\/index.php\/wp-json\/wp\/v2\/posts"}],"about":[{"href":"https:\/\/msh-progedo-loire.univ-nantes.fr\/index.php\/wp-json\/wp\/v2\/types\/post"}],"author":[{"embeddable":true,"href":"https:\/\/msh-progedo-loire.univ-nantes.fr\/index.php\/wp-json\/wp\/v2\/users\/2"}],"replies":[{"embeddable":true,"href":"https:\/\/msh-progedo-loire.univ-nantes.fr\/index.php\/wp-json\/wp\/v2\/comments?post=611"}],"version-history":[{"count":4,"href":"https:\/\/msh-progedo-loire.univ-nantes.fr\/index.php\/wp-json\/wp\/v2\/posts\/611\/revisions"}],"predecessor-version":[{"id":629,"href":"https:\/\/msh-progedo-loire.univ-nantes.fr\/index.php\/wp-json\/wp\/v2\/posts\/611\/revisions\/629"}],"wp:attachment":[{"href":"https:\/\/msh-progedo-loire.univ-nantes.fr\/index.php\/wp-json\/wp\/v2\/media?parent=611"}],"wp:term":[{"taxonomy":"category","embeddable":true,"href":"https:\/\/msh-progedo-loire.univ-nantes.fr\/index.php\/wp-json\/wp\/v2\/categories?post=611"},{"taxonomy":"post_tag","embeddable":true,"href":"https:\/\/msh-progedo-loire.univ-nantes.fr\/index.php\/wp-json\/wp\/v2\/tags?post=611"}],"curies":[{"name":"wp","href":"https:\/\/api.w.org\/{rel}","templated":true}]}}