{"id":322,"date":"2021-03-16T16:01:45","date_gmt":"2021-03-16T15:01:45","guid":{"rendered":"https:\/\/msh-progedo-loire.univ-nantes.fr\/?p=322"},"modified":"2021-11-15T09:46:30","modified_gmt":"2021-11-15T08:46:30","slug":"22-03-21-aborder-lanalyse-statistique-de-donnees-secondaires","status":"publish","type":"post","link":"https:\/\/msh-progedo-loire.univ-nantes.fr\/index.php\/2021\/03\/16\/22-03-21-aborder-lanalyse-statistique-de-donnees-secondaires\/","title":{"rendered":"22\/03\/21 &#8211; Aborder l\u2019analyse statistique de donn\u00e9es secondaires"},"content":{"rendered":"\n<p><strong>Le 22\/03\/2021<\/strong> de <strong>14h45 \u00e0 16h15 <\/strong>en visioconf\u00e9rence \u2013 le lien de connexion est d\u00e9livr\u00e9 \u00e0 la fin de <a href=\"https:\/\/questionnaires.univ-nantes.fr\/index.php\/844123?lang=fr\">ce tr\u00e8s court formulaire (cliquez ici)<\/a><\/p>\n\n\n\n<p>\u00ab\u00a0<strong>Aborder l\u2019analyse statistique d\u2019une enqu\u00eate secondaire : quels DEFIS et quelles compl\u00e9mentarit\u00e9s avec des donn\u00e9es qualitatives ?<\/strong>\u00a0\u00bb par <a href=\"http:\/\/manuella-roupnel-fuentes.fr\/\">Manuella ROUPNEL-FUENTES<\/a> (<a href=\"http:\/\/eso.cnrs.fr\/fr\/index.html\">ESO<\/a>)<\/p>\n\n\n\n<p>La recherche et la statistique publiques organisent depuis longtemps l\u2019archivage et la diffusion de leurs donn\u00e9es : elles sont une pourvoyeuse essentielle de \u00ab donn\u00e9es secondaires \u00bb (donn\u00e9es constitu\u00e9es par un tiers, disponibles et accessibles). La production et l\u2019usage de donn\u00e9es secondaires est encourag\u00e9e par la science ouverte \u2013 injonction politique qui n\u2019est pas sans rejoindre des enjeux scientifiques. Mais quels sont les int\u00e9r\u00eats de l\u2019emploi de telles donn\u00e9es ? Qu\u2019est-ce qu\u2019implique le recours \u00e0 des donn\u00e9es initialement construites pour r\u00e9pondre \u00e0 une probl\u00e9matique qui n\u2019est pas la mienne ? Comment r\u00e9pondre aux limites inh\u00e9rentes \u00e0 l\u2019emploi de donn\u00e9es secondaires ? Plus particuli\u00e8rement, est-ce que compl\u00e9ter l\u2019analyse de donn\u00e9es secondaires par des m\u00e9thodes qualitatives permet de pallier \u00e0 ces manques, voire d\u2019enrichir l\u2019analyse ? Comment combiner les techniques d\u2019enqu\u00eate, et \u00e0 quel prix ?<\/p>\n\n\n\n<p>L\u2019intervention de Manuella ROUPNEL-FUENTES abordera toutes ces questions. Dans le cadre d\u2019un projet de recherche interrogeant le risque de licenciement caus\u00e9 par des probl\u00e8mes de sant\u00e9, la sociologue utilise <a href=\"https:\/\/www.cereq.fr\/le-dispositif-denquetes-sur-les-formations-et-itineraires-des-salaries-defis\">l\u2019enqu\u00eate DEFIS (Dispositif d\u2019enqu\u00eates sur les formations et itin\u00e9raires des salari\u00e9s)<\/a> produite par <a href=\"https:\/\/www.cereq.fr\/\">le CEREQ<\/a> \u2013 enqu\u00eate dont l\u2019objectif principal \u00e9tait de mieux cerner la population salari\u00e9e ayant recours \u00e0 la formation. Apr\u00e8s avoir pr\u00e9sent\u00e9 le d\u00e9cor et les coulisses de DEFIS (soit l\u2019enqu\u00eate sur l\u2019enqu\u00eate), elle fera part des bonnes surprises et des frustrations n\u00e9es de l\u2019utilisation de cette donn\u00e9e secondaire. Elle discutera enfin l\u2019apport des m\u00e9thodes qualitatives pour tenter de pallier les limites et enrichir l\u2019emploi de donn\u00e9es de seconde main, questionnant plus g\u00e9n\u00e9ralement la fa\u00e7on d\u2019articuler les m\u00e9thodes qualitatives et quantitatives.<\/p>\n\n\n\n<p><strong>Contact <\/strong>: Aliette ROUX \u2013 IR PROGEDO-Loire \u2013 <a href=\"mailto:aliette.roux@univ-nantes.fr\">aliette.roux@univ-nantes.fr<\/a><\/p>\n\n\n\n<p>Voir <a href=\"https:\/\/msh-progedo-loire.univ-nantes.fr\/index.php\/2020\/09\/07\/programme-du-seminaire-progedo-loire-2020-2021\/\">les autres s\u00e9ances du s\u00e9minaire PROGEDO-Loire<\/a> sur le billet consacr\u00e9.<\/p>\n","protected":false},"excerpt":{"rendered":"<p>Le 22\/03\/2021 de 14h45 \u00e0 16h15 en visioconf\u00e9rence \u2013 le lien de connexion est d\u00e9livr\u00e9 \u00e0 la fin de ce tr\u00e8s court formulaire (cliquez ici) \u00ab\u00a0Aborder l\u2019analyse statistique d\u2019une enqu\u00eate secondaire : quels DEFIS et quelles compl\u00e9mentarit\u00e9s avec des donn\u00e9es qualitatives ?\u00a0\u00bb par Manuella ROUPNEL-FUENTES (ESO) La recherche et la statistique publiques organisent depuis longtemps<\/p>\n<p><a class=\"moretag\" href=\"https:\/\/msh-progedo-loire.univ-nantes.fr\/index.php\/2021\/03\/16\/22-03-21-aborder-lanalyse-statistique-de-donnees-secondaires\/\"> En lire plus&#8230;<\/a><\/p>\n","protected":false},"author":2,"featured_media":0,"comment_status":"open","ping_status":"open","sticky":false,"template":"","format":"standard","meta":{"footnotes":""},"categories":[21,22],"tags":[40,65],"acf":[],"_links":{"self":[{"href":"https:\/\/msh-progedo-loire.univ-nantes.fr\/index.php\/wp-json\/wp\/v2\/posts\/322"}],"collection":[{"href":"https:\/\/msh-progedo-loire.univ-nantes.fr\/index.php\/wp-json\/wp\/v2\/posts"}],"about":[{"href":"https:\/\/msh-progedo-loire.univ-nantes.fr\/index.php\/wp-json\/wp\/v2\/types\/post"}],"author":[{"embeddable":true,"href":"https:\/\/msh-progedo-loire.univ-nantes.fr\/index.php\/wp-json\/wp\/v2\/users\/2"}],"replies":[{"embeddable":true,"href":"https:\/\/msh-progedo-loire.univ-nantes.fr\/index.php\/wp-json\/wp\/v2\/comments?post=322"}],"version-history":[{"count":2,"href":"https:\/\/msh-progedo-loire.univ-nantes.fr\/index.php\/wp-json\/wp\/v2\/posts\/322\/revisions"}],"predecessor-version":[{"id":414,"href":"https:\/\/msh-progedo-loire.univ-nantes.fr\/index.php\/wp-json\/wp\/v2\/posts\/322\/revisions\/414"}],"wp:attachment":[{"href":"https:\/\/msh-progedo-loire.univ-nantes.fr\/index.php\/wp-json\/wp\/v2\/media?parent=322"}],"wp:term":[{"taxonomy":"category","embeddable":true,"href":"https:\/\/msh-progedo-loire.univ-nantes.fr\/index.php\/wp-json\/wp\/v2\/categories?post=322"},{"taxonomy":"post_tag","embeddable":true,"href":"https:\/\/msh-progedo-loire.univ-nantes.fr\/index.php\/wp-json\/wp\/v2\/tags?post=322"}],"curies":[{"name":"wp","href":"https:\/\/api.w.org\/{rel}","templated":true}]}}